{"id":9369,"date":"2026-09-01T18:04:29","date_gmt":"2026-09-01T16:04:29","guid":{"rendered":"https:\/\/www.peter-gogolin.de\/?p=9369"},"modified":"2026-09-01T19:42:23","modified_gmt":"2026-09-01T17:42:23","slug":"das-rote-das-blaue","status":"publish","type":"post","link":"https:\/\/www.peter-gogolin.de\/?p=9369","title":{"rendered":"Das Rote + Das Blaue"},"content":{"rendered":"\n<p class=\"wp-block-paragraph\">Wenn dieses Buch im kommenden Fr\u00fchjahr in Leipzig erscheint, dann wird es gewiss dasjenige von allen meinen B\u00fcchern sein, was am l\u00e4ngsten gebraucht hat, um zu entstehen &#8211; n\u00e4mlich 26 Jahre vom Beginn der Niederschrift bis zur Ver\u00f6ffentlichung. <\/p>\n\n\n\n<p class=\"wp-block-paragraph\">Ich begann mit dem Buch im Fr\u00fchherbst 2001 und brach es nach den ersten f\u00fcnfzig Seiten ab, ziemlich genau nach 9\/11, als in New York der Terroranschlag auf das World Trade Center erfolgt war. Man k\u00f6nnte sagen, dass die Weltereignisse, nach allem, was in dem Jahr bereits f\u00fcr mich geschehen war, Orpheus endg\u00fcltig den Kopf abgerissen hatten. Und es sollte zehn Jahre dauern, bis dieser Kopf an einer K\u00fcste angetrieben wurde, wo er wieder zu singen beginnen konnte. <\/p>\n\n\n\n<figure class=\"wp-block-image size-large\"><img loading=\"lazy\" decoding=\"async\" width=\"1024\" height=\"735\" src=\"https:\/\/www.peter-gogolin.de\/wp-content\/uploads\/2024\/12\/468658918_10212784458083708_3616960777134432743_n-1024x735.jpg\" alt=\"\" class=\"wp-image-8771\" srcset=\"https:\/\/www.peter-gogolin.de\/wp-content\/uploads\/2024\/12\/468658918_10212784458083708_3616960777134432743_n-1024x735.jpg 1024w, https:\/\/www.peter-gogolin.de\/wp-content\/uploads\/2024\/12\/468658918_10212784458083708_3616960777134432743_n-400x287.jpg 400w, https:\/\/www.peter-gogolin.de\/wp-content\/uploads\/2024\/12\/468658918_10212784458083708_3616960777134432743_n-768x551.jpg 768w, https:\/\/www.peter-gogolin.de\/wp-content\/uploads\/2024\/12\/468658918_10212784458083708_3616960777134432743_n-1536x1102.jpg 1536w, https:\/\/www.peter-gogolin.de\/wp-content\/uploads\/2024\/12\/468658918_10212784458083708_3616960777134432743_n-1140x818.jpg 1140w, https:\/\/www.peter-gogolin.de\/wp-content\/uploads\/2024\/12\/468658918_10212784458083708_3616960777134432743_n.jpg 1946w\" sizes=\"auto, (max-width: 1024px) 100vw, 1024px\" \/><\/figure>\n\n\n\n<p class=\"wp-block-paragraph\">Das war 2011, als im Fr\u00fchjahr auf der Leipziger Messe mein Roman &#8222;Calvinos Hotel&#8220; erschien. Von dem begonnenen Manuskript zu &#8222;Das Rote + Das Blaue&#8220; war zu diesem Zeitpunkt l\u00e4ngst nicht mehr die Rede; es tr\u00e4umte auf irgendeiner Festplatte den Traum der Einsen und Nullen. <\/p>\n\n\n\n<p class=\"wp-block-paragraph\">Dabei w\u00e4re es vermutlich auch geblieben, wenn mir nicht in diesem Sommer (endlich) bewusst geworden w\u00e4re, dass man 2001 versucht hatte, meine Identit\u00e4t zu vernichten. Das ist nun zwar f\u00fcnfundzwanzig Jahre her und letztlich auch nicht gelungen. Aber es hat doch mein Leben sehr belastet und erschien mir wichtig genug, um es nicht einfach vergessen sein zu lassen.<\/p>\n\n\n\n<p class=\"wp-block-paragraph\">Also habe ich mich hingesetzt, um das Manuskript wieder aufzunehmen. Von Juni bis August (nicht Juli) habe ich es beendet. Jetzt folgt noch die Tortur der Korrektur, dann geht es an den Verlag.<\/p>\n\n\n\n<p class=\"wp-block-paragraph\">Bleiben Sie gl\u00fccklich,<br>w\u00fcnscht Ihr PHG<\/p>\n\n\n\n<ul class=\"wp-block-list\">\n<li class=\"has-small-font-size\"><em>PS: Bei der abgebildeten Glocke handelt es sich um die Bell of Hope (Glocke der Hoffnung), die im Friedhof der historischen St. Paul&#8217;s Chapel in Lower Manhattan, New York City, steht. Sie ist ein Geschenk aus London: Die bronzene Glocke wurde New York City zum ersten Jahrestag der Terroranschl\u00e4ge im September 2002 geschenkt. Ich habe sie im August 2011 fotografiert.<\/em><\/li>\n<\/ul>\n\n\n\n<p class=\"wp-block-paragraph\"><\/p>\n\n\n\n<p class=\"wp-block-paragraph\"><\/p>\n","protected":false},"excerpt":{"rendered":"<p>Bei der abgebildeten Glocke handelt es sich um die Bell of Hope (Glocke der Hoffnung), die im Friedhof der historischen St. Paul&#8217;s Chapel in Lower Manhattan, New York City, steht. Sie ist ein Geschenk aus London: Die bronzene Glocke wurde New York City zum ersten Jahrestag der Terroranschl\u00e4ge im September 2002 geschenkt. <\/p>\n","protected":false},"author":1,"featured_media":1877,"comment_status":"open","ping_status":"open","sticky":false,"template":"","format":"standard","meta":{"footnotes":""},"categories":[40,37,12,44],"tags":[],"class_list":["post-9369","post","type-post","status-publish","format-standard","has-post-thumbnail","hentry","category-biografie","category-innere-erfahrung","category-literatur","category-politik"],"_links":{"self":[{"href":"https:\/\/www.peter-gogolin.de\/index.php?rest_route=\/wp\/v2\/posts\/9369","targetHints":{"allow":["GET"]}}],"collection":[{"href":"https:\/\/www.peter-gogolin.de\/index.php?rest_route=\/wp\/v2\/posts"}],"about":[{"href":"https:\/\/www.peter-gogolin.de\/index.php?rest_route=\/wp\/v2\/types\/post"}],"author":[{"embeddable":true,"href":"https:\/\/www.peter-gogolin.de\/index.php?rest_route=\/wp\/v2\/users\/1"}],"replies":[{"embeddable":true,"href":"https:\/\/www.peter-gogolin.de\/index.php?rest_route=%2Fwp%2Fv2%2Fcomments&post=9369"}],"version-history":[{"count":10,"href":"https:\/\/www.peter-gogolin.de\/index.php?rest_route=\/wp\/v2\/posts\/9369\/revisions"}],"predecessor-version":[{"id":9381,"href":"https:\/\/www.peter-gogolin.de\/index.php?rest_route=\/wp\/v2\/posts\/9369\/revisions\/9381"}],"wp:featuredmedia":[{"embeddable":true,"href":"https:\/\/www.peter-gogolin.de\/index.php?rest_route=\/wp\/v2\/media\/1877"}],"wp:attachment":[{"href":"https:\/\/www.peter-gogolin.de\/index.php?rest_route=%2Fwp%2Fv2%2Fmedia&parent=9369"}],"wp:term":[{"taxonomy":"category","embeddable":true,"href":"https:\/\/www.peter-gogolin.de\/index.php?rest_route=%2Fwp%2Fv2%2Fcategories&post=9369"},{"taxonomy":"post_tag","embeddable":true,"href":"https:\/\/www.peter-gogolin.de\/index.php?rest_route=%2Fwp%2Fv2%2Ftags&post=9369"}],"curies":[{"name":"wp","href":"https:\/\/api.w.org\/{rel}","templated":true}]}}